[
{
"id": 126837,
"dsTags": [
"PACOTE",
"NACIONAL"
],
"dtEntrada": null,
"dtSaida": null,
"nmTopVenda": "Praia do Forte - Resorts Iberostar",
"dsUrlImg": "https:\/\/media.infotravel.com.br\/image\/upload\/c_scale,h_200\/9503A68E6B197AEB3C41CA5CFBDE370B.png",
"dsUrlImgDetalhe": "https:\/\/media.infotravel.com.br\/image\/upload\/c_scale,h_200\/4142A4B459581D388B90972F7E710118.png",
"stManual": true,
"bannerType": "CONVENCIONAL",
"nrParcela": 12,
"dsDestaque": "Bloqueio A\u00e9reo",
"dsBanner": "<img src=\"https:\/\/d335luupugsy2.cloudfront.net\/cms%2Ffiles%2F97825%2F17875790841181-2026_Praia_do_forte_Iberostar_BSB.png\">",
"vlTotal": 6108,
"vlTotalTaxa": 0,
"vlPagamento": 6108,
"sgMoeda": "R$",
"idPacote": null,
"tpOrigem": null,
"sgOrigem": null,
"nmOrigem": "Bras\u00edlia, Regi\u00e3o Centro- Oeste, Brasil",
"idOrigem": 636,
"tpDestino": null,
"sgDestino": null,
"nmDestino": "Salvador, Regi\u00e3o Nordeste, Brasil",
"idDestino": 2975,
"idHotel": null,
"idEmpresa": 1,
"dsReservaTipo": "PACOTE A\u00c9REO\n",
"dtInclusao": "2026-08-28T09:59:50Z",
"dtValidade": "2026-09-02T23:59:00Z",
"idUnidade": 1093,
"idPontoVenda": null,
"chave": null,
"WSTopVenda": "{\"topVendaId\":126837,\"dsUrlBanner\":\"https:\/\/media.infotravel.com.br\/image\/upload\/c_scale,h_200\/9503A68E6B197AEB3C41CA5CFBDE370B.png\",\"dsUrlBannerDetalhe\":\"https:\/\/media.infotravel.com.br\/image\/upload\/c_scale,h_200\/4142A4B459581D388B90972F7E710118.png\",\"imagenBannerList\":[],\"sgMoeda\":\"R$\",\"vlTotal\":6108.0,\"reservaPacote\":{\"keyPacoteParametro\":\"}{}{}{}{}{}{}{}{#|#F41FC8857F1BFF94DEFB4043BF159C6E\",\"origem\":{\"id\":636,\"nm\":\"Bras\u00edlia, Regi\u00e3o Centro- Oeste, Brasil\",\"am\":\"\",\"po\":false},\"destino\":{\"id\":2975,\"nm\":\"Salvador, Regi\u00e3o Nordeste, Brasil\",\"am\":\"\",\"po\":false},\"vlComissaoAjuste\":0.0,\"stSelecionado\":false,\"stInfoxInfo\":false,\"stFornecedorDocObrigatorio\":false},\"dsBanner\":\"\\u003cimg src\\u003d\\\"https:\/\/d335luupugsy2.cloudfront.net\/cms%2Ffiles%2F97825%2F17875790841181-2026_Praia_do_forte_Iberostar_BSB.png\\\"\\u003e\",\"dsDestaque\":\"Bloqueio A\u00e9reo\",\"nmBanner\":\"Praia do Forte - Resorts Iberostar\",\"dsReservaTipo\":\"PACOTE A\u00c9REO\\n\",\"sgReservaTipo\":\"PACAER\",\"dsTag\":\"PACOTE,NACIONAL\",\"stManual\":true,\"dsLogo\":\"https:\/\/media.infotravel.com.br\/image\/upload\/c_scale,h_200\/BB77D03B45CFC46A5B5BFE5B7E32CF00.png\",\"qtParcela\":12}"
}
]