[
{
"id": 126835,
"dsTags": [
"PACOTE",
"NACIONAL"
],
"dtEntrada": null,
"dtSaida": null,
"nmTopVenda": "R\u00e9veillon em Macei\u00f3",
"dsUrlImg": "https:\/\/media.infotravel.com.br\/image\/upload\/c_scale,h_200\/E296FFB77370DFB925E25BBEE1F2616E.png",
"dsUrlImgDetalhe": "https:\/\/media.infotravel.com.br\/image\/upload\/c_scale,h_200\/7E3174CEDCC7A96A97D685A794CD7167.png",
"stManual": true,
"bannerType": "CONVENCIONAL",
"nrParcela": 12,
"dsDestaque": "R\u00e9veillon Macei\u00f3",
"dsBanner": "<img src=\"https:\/\/d335luupugsy2.cloudfront.net\/cms%2Ffiles%2F97825%2F17875790151175-2026_Rveillon_em_Macei_CGH.png\">",
"vlTotal": 4968,
"vlTotalTaxa": 0,
"vlPagamento": 4968,
"sgMoeda": "R$",
"idPacote": null,
"tpOrigem": null,
"sgOrigem": null,
"nmOrigem": "S\u00e3o Paulo, Regi\u00e3o Sudeste, Brasil",
"idOrigem": 2802,
"tpDestino": null,
"sgDestino": null,
"nmDestino": "Macei\u00f3, Regi\u00e3o Nordeste, Brasil",
"idDestino": 2042,
"idHotel": null,
"idEmpresa": 1,
"dsReservaTipo": "PACOTE A\u00c9REO\n",
"dtInclusao": "2026-08-24T14:32:37Z",
"dtValidade": "2026-08-31T23:59:00Z",
"idUnidade": 1093,
"idPontoVenda": null,
"chave": null,
"WSTopVenda": "{\"topVendaId\":126835,\"dsUrlBanner\":\"https:\/\/media.infotravel.com.br\/image\/upload\/c_scale,h_200\/E296FFB77370DFB925E25BBEE1F2616E.png\",\"dsUrlBannerDetalhe\":\"https:\/\/media.infotravel.com.br\/image\/upload\/c_scale,h_200\/7E3174CEDCC7A96A97D685A794CD7167.png\",\"imagenBannerList\":[],\"sgMoeda\":\"R$\",\"vlTotal\":4968.0,\"reservaPacote\":{\"keyPacoteParametro\":\"}{}{}{}{}{}{}{}{#|#F41FC8857F1BFF94DEFB4043BF159C6E\",\"origem\":{\"id\":2802,\"nm\":\"S\u00e3o Paulo, Regi\u00e3o Sudeste, Brasil\",\"am\":\"\",\"po\":false},\"destino\":{\"id\":2042,\"nm\":\"Macei\u00f3, Regi\u00e3o Nordeste, Brasil\",\"am\":\"\",\"po\":false},\"vlComissaoAjuste\":0.0,\"stSelecionado\":false,\"stInfoxInfo\":false,\"stFornecedorDocObrigatorio\":false},\"dsBanner\":\"\\u003cimg src\\u003d\\\"https:\/\/d335luupugsy2.cloudfront.net\/cms%2Ffiles%2F97825%2F17875790151175-2026_Rveillon_em_Macei_CGH.png\\\"\\u003e\",\"dsDestaque\":\"R\u00e9veillon Macei\u00f3\",\"nmBanner\":\"R\u00e9veillon em Macei\u00f3\",\"dsReservaTipo\":\"PACOTE A\u00c9REO\\n\",\"sgReservaTipo\":\"PACAER\",\"dsTag\":\"PACOTE,NACIONAL\",\"stManual\":true,\"dsLogo\":\"https:\/\/media.infotravel.com.br\/image\/upload\/c_scale,h_200\/BB77D03B45CFC46A5B5BFE5B7E32CF00.png\",\"qtParcela\":12}"
}
]