[
{
"id": 126661,
"dsTags": [
"PACOTE",
"INTERNACIONAL"
],
"dtEntrada": null,
"dtSaida": null,
"nmTopVenda": "Reveillon Punta Cana sa\u00edda Navegantes",
"dsUrlImg": "https:\/\/media.infotravel.com.br\/image\/upload\/c_scale,h_200\/DBFBC7D0030E5682627BB45AAD4F2272.png",
"dsUrlImgDetalhe": "https:\/\/media.infotravel.com.br\/image\/upload\/c_scale,h_200\/6C82A521EE1672B5F29CFDF40C47ECFF.png",
"stManual": true,
"bannerType": "CONVENCIONAL",
"nrParcela": 12,
"dsDestaque": "Bloqueio a\u00e9reo",
"dsBanner": "<img src=\"https:\/\/d335luupugsy2.cloudfront.net\/cms%2Ffiles%2F97825%2F17867159821154-2026_Rveillon_Punta_Cana_NVT_12x.png\">",
"vlTotal": 9696,
"vlTotalTaxa": 0,
"vlPagamento": 9696,
"sgMoeda": "R$",
"idPacote": null,
"tpOrigem": null,
"sgOrigem": null,
"nmOrigem": "Navegantes, Regi\u00e3o Sul, Brasil",
"idOrigem": 2376,
"tpDestino": null,
"sgDestino": null,
"nmDestino": "Punta Cana, La Altagracia, Rep\u00fablica Dominicana",
"idDestino": 2644,
"idHotel": null,
"idEmpresa": 1,
"dsReservaTipo": "PACOTE A\u00c9REO",
"dtInclusao": "2026-08-20T23:37:05Z",
"dtValidade": "2026-08-31T23:59:00Z",
"idUnidade": 1093,
"idPontoVenda": null,
"chave": null,
"WSTopVenda": "{\"topVendaId\":126661,\"dsUrlBanner\":\"https:\/\/media.infotravel.com.br\/image\/upload\/c_scale,h_200\/DBFBC7D0030E5682627BB45AAD4F2272.png\",\"dsUrlBannerDetalhe\":\"https:\/\/media.infotravel.com.br\/image\/upload\/c_scale,h_200\/6C82A521EE1672B5F29CFDF40C47ECFF.png\",\"imagenBannerList\":[],\"sgMoeda\":\"R$\",\"vlTotal\":9696.0,\"reservaPacote\":{\"keyPacoteParametro\":\"}{}{}{}{}{}{}{}{#|#F41FC8857F1BFF94DEFB4043BF159C6E\",\"origem\":{\"id\":2376,\"nm\":\"Navegantes, Regi\u00e3o Sul, Brasil\",\"am\":\"\",\"po\":false},\"destino\":{\"id\":2644,\"nm\":\"Punta Cana, La Altagracia, Rep\u00fablica Dominicana\",\"am\":\"\",\"po\":false},\"vlComissaoAjuste\":0.0,\"stSelecionado\":false,\"stInfoxInfo\":false,\"stFornecedorDocObrigatorio\":false},\"dsBanner\":\"\\u003cimg src\\u003d\\\"https:\/\/d335luupugsy2.cloudfront.net\/cms%2Ffiles%2F97825%2F17867159821154-2026_Rveillon_Punta_Cana_NVT_12x.png\\\"\\u003e\",\"dsDestaque\":\"Bloqueio a\u00e9reo\",\"nmBanner\":\"Reveillon Punta Cana sa\u00edda Navegantes\",\"dsReservaTipo\":\"PACOTE A\u00c9REO\",\"sgReservaTipo\":\"PACAER\",\"dsTag\":\"PACOTE,INTERNACIONAL\",\"stManual\":true,\"dsLogo\":\"https:\/\/media.infotravel.com.br\/image\/upload\/c_scale,h_200\/BB77D03B45CFC46A5B5BFE5B7E32CF00.png\",\"qtParcela\":12,\"usuario\":{\"id\":1129,\"nome\":\"Michelle Menta\",\"email\":\"produtos@incomum.com\",\"telefone\":{\"nrDDD\":\"48\",\"nrTelefone\":\"996328407\",\"telefoneTipo\":\"RESIDENCIAL\"}}}"
}
]