[
{
"id": 126620,
"dsTags": [
"PACOTE",
"NACIONAL"
],
"dtEntrada": null,
"dtSaida": null,
"nmTopVenda": "Ver\u00e3o em Gramado",
"dsUrlImg": "https:\/\/media.infotravel.com.br\/image\/upload\/c_scale,h_200\/E94FC9B69CD59FD728D466C306C2D283.png",
"dsUrlImgDetalhe": "https:\/\/media.infotravel.com.br\/image\/upload\/c_scale,h_200\/CD0B94615C3EE6B3E5BD5294F52C3194.png",
"stManual": true,
"bannerType": "CONVENCIONAL",
"nrParcela": 12,
"dsDestaque": "Bloqueio A\u00e9reo",
"dsBanner": "<img src=\"https:\/\/d335luupugsy2.cloudfront.net\/cms%2Ffiles%2F97825%2F1787257203Lmina_-_OPS_-_POA....png\">",
"vlTotal": 3384,
"vlTotalTaxa": 0,
"vlPagamento": 3384,
"sgMoeda": "R$",
"idPacote": null,
"tpOrigem": null,
"sgOrigem": null,
"nmOrigem": "Sinop, Regi\u00e3o Centro- Oeste, Brasil",
"idOrigem": 218394,
"tpDestino": null,
"sgDestino": null,
"nmDestino": "Gramado, Regi\u00e3o Sul, Brasil",
"idDestino": 16728,
"idHotel": null,
"idEmpresa": 1,
"dsReservaTipo": "PACOTE A\u00c9REO\n",
"dtInclusao": "2026-08-20T17:50:54Z",
"dtValidade": "2026-08-31T23:59:00Z",
"idUnidade": 1093,
"idPontoVenda": null,
"chave": null,
"WSTopVenda": "{\"topVendaId\":126620,\"dsUrlBanner\":\"https:\/\/media.infotravel.com.br\/image\/upload\/c_scale,h_200\/E94FC9B69CD59FD728D466C306C2D283.png\",\"dsUrlBannerDetalhe\":\"https:\/\/media.infotravel.com.br\/image\/upload\/c_scale,h_200\/CD0B94615C3EE6B3E5BD5294F52C3194.png\",\"imagenBannerList\":[],\"sgMoeda\":\"R$\",\"vlTotal\":3384.0,\"reservaPacote\":{\"keyPacoteParametro\":\"}{}{}{}{}{}{}{}{#|#F41FC8857F1BFF94DEFB4043BF159C6E\",\"origem\":{\"id\":218394,\"nm\":\"Sinop, Regi\u00e3o Centro- Oeste, Brasil\",\"am\":\"\",\"po\":false},\"destino\":{\"id\":16728,\"nm\":\"Gramado, Regi\u00e3o Sul, Brasil\",\"am\":\"\",\"po\":false},\"vlComissaoAjuste\":0.0,\"stSelecionado\":false,\"stInfoxInfo\":false,\"stFornecedorDocObrigatorio\":false},\"dsBanner\":\"\\u003cimg src\\u003d\\\"https:\/\/d335luupugsy2.cloudfront.net\/cms%2Ffiles%2F97825%2F1787257203Lmina_-_OPS_-_POA....png\\\"\\u003e\",\"dsDestaque\":\"Bloqueio A\u00e9reo\",\"nmBanner\":\"Ver\u00e3o em Gramado\",\"dsReservaTipo\":\"PACOTE A\u00c9REO\\n\",\"sgReservaTipo\":\"PACAER\",\"dsTag\":\"PACOTE,NACIONAL\",\"stManual\":true,\"dsLogo\":\"https:\/\/media.infotravel.com.br\/image\/upload\/c_scale,h_200\/BB77D03B45CFC46A5B5BFE5B7E32CF00.png\",\"qtParcela\":12}"
}
]