[
{
"id": 126532,
"dsTags": [
"PACOTE",
"NACIONAL"
],
"dtEntrada": null,
"dtSaida": null,
"nmTopVenda": "Gramado",
"dsUrlImg": "https:\/\/media.infotravel.com.br\/image\/upload\/c_scale,h_200\/84118EE956D89305D6C8338EBC885291.png",
"dsUrlImgDetalhe": "https:\/\/media.infotravel.com.br\/image\/upload\/c_scale,h_200\/6F4D211EC6706511F4012631E9F98BDC.png",
"stManual": true,
"bannerType": "CONVENCIONAL",
"nrParcela": 12,
"dsDestaque": "Oferta Arrasadora",
"dsBanner": "<img src=\"https:\/\/d335luupugsy2.cloudfront.net\/cms%2Ffiles%2F97825%2F1787177147GRAMADO_Completa_instagram_PKG-GRA-1908-1611.png\">",
"vlTotal": 1308,
"vlTotalTaxa": 0,
"vlPagamento": 1308,
"sgMoeda": "R$",
"idPacote": null,
"tpOrigem": null,
"sgOrigem": null,
"nmOrigem": "Rio de Janeiro, Regi\u00e3o Sudeste, Brasil",
"idOrigem": 2732,
"tpDestino": null,
"sgDestino": null,
"nmDestino": "Gramado, Regi\u00e3o Sul, Brasil",
"idDestino": 16728,
"idHotel": null,
"idEmpresa": 1,
"dsReservaTipo": "PACOTE A\u00c9REO\n",
"dtInclusao": "2026-08-20T11:01:19Z",
"dtValidade": "2026-08-31T23:59:00Z",
"idUnidade": 1093,
"idPontoVenda": null,
"chave": null,
"WSTopVenda": "{\"topVendaId\":126532,\"dsUrlBanner\":\"https:\/\/media.infotravel.com.br\/image\/upload\/c_scale,h_200\/84118EE956D89305D6C8338EBC885291.png\",\"dsUrlBannerDetalhe\":\"https:\/\/media.infotravel.com.br\/image\/upload\/c_scale,h_200\/6F4D211EC6706511F4012631E9F98BDC.png\",\"imagenBannerList\":[],\"sgMoeda\":\"R$\",\"vlTotal\":1308.0,\"reservaPacote\":{\"keyPacoteParametro\":\"}{}{}{}{}{}{}{}{#|#F41FC8857F1BFF94DEFB4043BF159C6E\",\"origem\":{\"id\":2732,\"nm\":\"Rio de Janeiro, Regi\u00e3o Sudeste, Brasil\",\"am\":\"\",\"po\":false},\"destino\":{\"id\":16728,\"nm\":\"Gramado, Regi\u00e3o Sul, Brasil\",\"am\":\"\",\"po\":false},\"vlComissaoAjuste\":0.0,\"stSelecionado\":false,\"stInfoxInfo\":false,\"stFornecedorDocObrigatorio\":false},\"dsBanner\":\"\\u003cimg src\\u003d\\\"https:\/\/d335luupugsy2.cloudfront.net\/cms%2Ffiles%2F97825%2F1787177147GRAMADO_Completa_instagram_PKG-GRA-1908-1611.png\\\"\\u003e\",\"dsDestaque\":\"Oferta Arrasadora\",\"nmBanner\":\"Gramado\",\"dsReservaTipo\":\"PACOTE A\u00c9REO\\n\",\"sgReservaTipo\":\"PACAER\",\"dsTag\":\"PACOTE,NACIONAL\",\"stManual\":true,\"dsLogo\":\"https:\/\/media.infotravel.com.br\/image\/upload\/c_scale,h_200\/BB77D03B45CFC46A5B5BFE5B7E32CF00.png\",\"qtParcela\":12}"
}
]