[
{
"id": 126501,
"dsTags": [
"PACOTE",
"NACIONAL",
"Carnaval",
"feriado"
],
"dtEntrada": null,
"dtSaida": null,
"nmTopVenda": "Carnaval em Porto Seguro",
"dsUrlImg": "https:\/\/media.infotravel.com.br\/image\/upload\/c_scale,h_200\/687343337D89D5E1F3A2CEACF826F9F7.png",
"dsUrlImgDetalhe": "https:\/\/media.infotravel.com.br\/image\/upload\/c_scale,h_200\/3408FDF850F8080A3E48D5B044C051D9.png",
"stManual": true,
"bannerType": "CONVENCIONAL",
"nrParcela": 12,
"dsDestaque": "Bloqueio A\u00e9reo - Carnaval",
"dsBanner": "<img src=\"https:\/\/d335luupugsy2.cloudfront.net\/cms%2Ffiles%2F97825%2F17871586041173-2025_Carnaval_Porto_Seguro_FLN.png\">",
"vlTotal": 3276,
"vlTotalTaxa": 0,
"vlPagamento": 3276,
"sgMoeda": "R$",
"idPacote": null,
"tpOrigem": null,
"sgOrigem": null,
"nmOrigem": "Florian\u00f3polis, Regi\u00e3o Sul, Brasil",
"idOrigem": 1111,
"tpDestino": null,
"sgDestino": null,
"nmDestino": "Porto Seguro, Regi\u00e3o Nordeste, Brasil",
"idDestino": 610,
"idHotel": null,
"idEmpresa": 1,
"dsReservaTipo": "PACOTE A\u00c9REO\n",
"dtInclusao": "2026-08-19T17:55:45Z",
"dtValidade": "2026-08-31T23:59:00Z",
"idUnidade": 1093,
"idPontoVenda": null,
"chave": null,
"WSTopVenda": "{\"topVendaId\":126501,\"dsUrlBanner\":\"https:\/\/media.infotravel.com.br\/image\/upload\/c_scale,h_200\/687343337D89D5E1F3A2CEACF826F9F7.png\",\"dsUrlBannerDetalhe\":\"https:\/\/media.infotravel.com.br\/image\/upload\/c_scale,h_200\/3408FDF850F8080A3E48D5B044C051D9.png\",\"imagenBannerList\":[],\"sgMoeda\":\"R$\",\"vlTotal\":3276.0,\"reservaPacote\":{\"keyPacoteParametro\":\"}{}{}{}{}{}{}{}{#|#F41FC8857F1BFF94DEFB4043BF159C6E\",\"origem\":{\"id\":1111,\"nm\":\"Florian\u00f3polis, Regi\u00e3o Sul, Brasil\",\"am\":\"\",\"po\":false},\"destino\":{\"id\":610,\"nm\":\"Porto Seguro, Regi\u00e3o Nordeste, Brasil\",\"am\":\"\",\"po\":false},\"vlComissaoAjuste\":0.0,\"stSelecionado\":false,\"stInfoxInfo\":false,\"stFornecedorDocObrigatorio\":false},\"dsBanner\":\"\\u003cimg src\\u003d\\\"https:\/\/d335luupugsy2.cloudfront.net\/cms%2Ffiles%2F97825%2F17871586041173-2025_Carnaval_Porto_Seguro_FLN.png\\\"\\u003e\",\"dsDestaque\":\"Bloqueio A\u00e9reo - Carnaval\",\"nmBanner\":\"Carnaval em Porto Seguro\",\"dsReservaTipo\":\"PACOTE A\u00c9REO\\n\",\"sgReservaTipo\":\"PACAER\",\"dsTag\":\"PACOTE,NACIONAL,Carnaval,feriado\",\"stManual\":true,\"dsLogo\":\"https:\/\/media.infotravel.com.br\/image\/upload\/c_scale,h_200\/BB77D03B45CFC46A5B5BFE5B7E32CF00.png\",\"qtParcela\":12}"
}
]