[
{
"id": 126493,
"dsTags": [
"PACOTE",
"NACIONAL"
],
"dtEntrada": null,
"dtSaida": null,
"nmTopVenda": "Tivoli Ecoresort Praia do Forte",
"dsUrlImg": "https:\/\/media.infotravel.com.br\/image\/upload\/c_scale,h_200\/B15CF5FA94C682E0EABC4D990D553F60.png",
"dsUrlImgDetalhe": "https:\/\/media.infotravel.com.br\/image\/upload\/c_scale,h_200\/149EFFAB333257FD043035558991450D.png",
"stManual": true,
"bannerType": "CONVENCIONAL",
"nrParcela": 12,
"dsDestaque": "Bloqueio A\u00e9reo",
"dsBanner": "<img src=\"https:\/\/d335luupugsy2.cloudfront.net\/cms%2Ffiles%2F97825%2F17871585121171-2026_Salvador_Tivoli_Ecoresort_Praia_do_Forte_NVT.png\">",
"vlTotal": 7476,
"vlTotalTaxa": 0,
"vlPagamento": 7476,
"sgMoeda": "R$",
"idPacote": null,
"tpOrigem": null,
"sgOrigem": null,
"nmOrigem": "Navegantes, Regi\u00e3o Sul, Brasil",
"idOrigem": 2376,
"tpDestino": null,
"sgDestino": null,
"nmDestino": "Praia do Forte, Mata de S\u00e3o Jo\u00e3o, Regi\u00e3o Nordeste, Brasil",
"idDestino": 140845,
"idHotel": null,
"idEmpresa": 1,
"dsReservaTipo": "PACOTE A\u00c9REO\n",
"dtInclusao": "2026-08-19T17:06:32Z",
"dtValidade": "2026-08-31T23:59:00Z",
"idUnidade": 1093,
"idPontoVenda": null,
"chave": null,
"WSTopVenda": "{\"topVendaId\":126493,\"dsUrlBanner\":\"https:\/\/media.infotravel.com.br\/image\/upload\/c_scale,h_200\/B15CF5FA94C682E0EABC4D990D553F60.png\",\"dsUrlBannerDetalhe\":\"https:\/\/media.infotravel.com.br\/image\/upload\/c_scale,h_200\/149EFFAB333257FD043035558991450D.png\",\"imagenBannerList\":[],\"sgMoeda\":\"R$\",\"vlTotal\":7476.0,\"reservaPacote\":{\"keyPacoteParametro\":\"}{}{}{}{}{}{}{}{#|#F41FC8857F1BFF94DEFB4043BF159C6E\",\"origem\":{\"id\":2376,\"nm\":\"Navegantes, Regi\u00e3o Sul, Brasil\",\"am\":\"\",\"po\":false},\"destino\":{\"id\":140845,\"nm\":\"Praia do Forte, Mata de S\u00e3o Jo\u00e3o, Regi\u00e3o Nordeste, Brasil\",\"am\":\"\",\"po\":false},\"vlComissaoAjuste\":0.0,\"stSelecionado\":false,\"stInfoxInfo\":false,\"stFornecedorDocObrigatorio\":false},\"dsBanner\":\"\\u003cimg src\\u003d\\\"https:\/\/d335luupugsy2.cloudfront.net\/cms%2Ffiles%2F97825%2F17871585121171-2026_Salvador_Tivoli_Ecoresort_Praia_do_Forte_NVT.png\\\"\\u003e\",\"dsDestaque\":\"Bloqueio A\u00e9reo\",\"nmBanner\":\"Tivoli Ecoresort Praia do Forte\",\"dsReservaTipo\":\"PACOTE A\u00c9REO\\n\",\"sgReservaTipo\":\"PACAER\",\"dsTag\":\"PACOTE,NACIONAL\",\"stManual\":true,\"dsLogo\":\"https:\/\/media.infotravel.com.br\/image\/upload\/c_scale,h_200\/BB77D03B45CFC46A5B5BFE5B7E32CF00.png\",\"qtParcela\":12}"
}
]