[
{
"id": 126483,
"dsTags": [
"PACOTE",
"NACIONAL"
],
"dtEntrada": null,
"dtSaida": null,
"nmTopVenda": "Porto de Galinhas",
"dsUrlImg": "https:\/\/media.infotravel.com.br\/image\/upload\/c_scale,h_200\/720D91AAF1A4747677655C2E01F4207F.png",
"dsUrlImgDetalhe": "https:\/\/media.infotravel.com.br\/image\/upload\/c_scale,h_200\/242C8A0AC24E5AFD3E1EF6605B68F679.png",
"stManual": true,
"bannerType": "CONVENCIONAL",
"nrParcela": 12,
"dsDestaque": "Bloqueio A\u00e9reo",
"dsBanner": "<img src=\"https:\/\/d335luupugsy2.cloudfront.net\/cms%2Ffiles%2F97825%2F17871579171167-2026_Porto_de_Galinhas_MGF.png\">",
"vlTotal": 2088,
"vlTotalTaxa": 0,
"vlPagamento": 2088,
"sgMoeda": "R$",
"idPacote": null,
"tpOrigem": null,
"sgOrigem": null,
"nmOrigem": "Maring\u00e1, Regi\u00e3o Sul, Brasil",
"idOrigem": 2073,
"tpDestino": null,
"sgDestino": null,
"nmDestino": "Porto de Galinhas, Ipojuca, Regi\u00e3o Nordeste, Brasil",
"idDestino": 28844,
"idHotel": null,
"idEmpresa": 1,
"dsReservaTipo": "PACOTE A\u00c9REO\n",
"dtInclusao": "2026-08-27T12:04:17Z",
"dtValidade": "2026-09-09T23:59:00Z",
"idUnidade": 1093,
"idPontoVenda": null,
"chave": null,
"WSTopVenda": "{\"topVendaId\":126483,\"dsUrlBanner\":\"https:\/\/media.infotravel.com.br\/image\/upload\/c_scale,h_200\/720D91AAF1A4747677655C2E01F4207F.png\",\"dsUrlBannerDetalhe\":\"https:\/\/media.infotravel.com.br\/image\/upload\/c_scale,h_200\/242C8A0AC24E5AFD3E1EF6605B68F679.png\",\"imagenBannerList\":[],\"sgMoeda\":\"R$\",\"vlTotal\":2088.0,\"reservaPacote\":{\"keyPacoteParametro\":\"}{}{}{}{}{}{}{}{#|#F41FC8857F1BFF94DEFB4043BF159C6E\",\"origem\":{\"id\":2073,\"nm\":\"Maring\u00e1, Regi\u00e3o Sul, Brasil\",\"am\":\"\",\"po\":false},\"destino\":{\"id\":28844,\"nm\":\"Porto de Galinhas, Ipojuca, Regi\u00e3o Nordeste, Brasil\",\"am\":\"\",\"po\":false},\"vlComissaoAjuste\":0.0,\"stSelecionado\":false,\"stInfoxInfo\":false,\"stFornecedorDocObrigatorio\":false},\"dsBanner\":\"\\u003cimg src\\u003d\\\"https:\/\/d335luupugsy2.cloudfront.net\/cms%2Ffiles%2F97825%2F17871579171167-2026_Porto_de_Galinhas_MGF.png\\\"\\u003e\",\"dsDestaque\":\"Bloqueio A\u00e9reo\",\"nmBanner\":\"Porto de Galinhas\",\"dsReservaTipo\":\"PACOTE A\u00c9REO\\n\",\"sgReservaTipo\":\"PACAER\",\"dsTag\":\"PACOTE,NACIONAL\",\"stManual\":true,\"dsLogo\":\"https:\/\/media.infotravel.com.br\/image\/upload\/c_scale,h_200\/BB77D03B45CFC46A5B5BFE5B7E32CF00.png\",\"qtParcela\":12}"
}
]