[
{
"id": 125993,
"dsTags": [
"PACOTE",
"NACIONAL"
],
"dtEntrada": null,
"dtSaida": null,
"nmTopVenda": "Macei\u00f3: Vem Viver Esse Para\u00edso",
"dsUrlImg": "https:\/\/media.infotravel.com.br\/image\/upload\/c_scale,h_200\/B9705DCCA4C96DA7A98B9874C0E4B7A0.png",
"dsUrlImgDetalhe": "https:\/\/media.infotravel.com.br\/image\/upload\/c_scale,h_200\/26A0ECE5813E0EB79A4103EAADC01E61.png",
"stManual": true,
"bannerType": "CONVENCIONAL",
"nrParcela": 12,
"dsDestaque": "Bloqueio A\u00e9reo",
"dsBanner": "<img src=\"https:\/\/d335luupugsy2.cloudfront.net\/cms%2Ffiles%2F97825%2F17867282361158-2026_Macei_NVT.png\">",
"vlTotal": 1992,
"vlTotalTaxa": 0,
"vlPagamento": 1992,
"sgMoeda": "R$",
"idPacote": null,
"tpOrigem": null,
"sgOrigem": null,
"nmOrigem": "Navegantes, Regi\u00e3o Sul, Brasil",
"idOrigem": 2376,
"tpDestino": null,
"sgDestino": null,
"nmDestino": "Macei\u00f3, Regi\u00e3o Nordeste, Brasil",
"idDestino": 2042,
"idHotel": null,
"idEmpresa": 1,
"dsReservaTipo": "PACOTE A\u00c9REO\n",
"dtInclusao": "2026-08-14T15:37:12Z",
"dtValidade": "2026-08-31T23:59:00Z",
"idUnidade": 1093,
"idPontoVenda": null,
"chave": null,
"WSTopVenda": "{\"topVendaId\":125993,\"dsUrlBanner\":\"https:\/\/media.infotravel.com.br\/image\/upload\/c_scale,h_200\/B9705DCCA4C96DA7A98B9874C0E4B7A0.png\",\"dsUrlBannerDetalhe\":\"https:\/\/media.infotravel.com.br\/image\/upload\/c_scale,h_200\/26A0ECE5813E0EB79A4103EAADC01E61.png\",\"imagenBannerList\":[],\"sgMoeda\":\"R$\",\"vlTotal\":1992.0,\"reservaPacote\":{\"keyPacoteParametro\":\"}{}{}{}{}{}{}{}{#|#F41FC8857F1BFF94DEFB4043BF159C6E\",\"origem\":{\"id\":2376,\"nm\":\"Navegantes, Regi\u00e3o Sul, Brasil\",\"am\":\"\",\"po\":false},\"destino\":{\"id\":2042,\"nm\":\"Macei\u00f3, Regi\u00e3o Nordeste, Brasil\",\"am\":\"\",\"po\":false},\"vlComissaoAjuste\":0.0,\"stSelecionado\":false,\"stInfoxInfo\":false,\"stFornecedorDocObrigatorio\":false},\"dsBanner\":\"\\u003cimg src\\u003d\\\"https:\/\/d335luupugsy2.cloudfront.net\/cms%2Ffiles%2F97825%2F17867282361158-2026_Macei_NVT.png\\\"\\u003e\",\"dsDestaque\":\"Bloqueio A\u00e9reo\",\"nmBanner\":\"Macei\u00f3: Vem Viver Esse Para\u00edso\",\"dsReservaTipo\":\"PACOTE A\u00c9REO\\n\",\"sgReservaTipo\":\"PACAER\",\"dsTag\":\"PACOTE,NACIONAL\",\"stManual\":true,\"dsLogo\":\"https:\/\/media.infotravel.com.br\/image\/upload\/c_scale,h_200\/BB77D03B45CFC46A5B5BFE5B7E32CF00.png\",\"qtParcela\":12}"
}
]