[
{
"id": 125950,
"dsTags": [
"PACOTE",
"NACIONAL",
"ULTIMOS 2 LUGARES"
],
"dtEntrada": null,
"dtSaida": null,
"nmTopVenda": "Gramado com Parque Vila da M\u00f4nica",
"dsUrlImg": "https:\/\/media.infotravel.com.br\/image\/upload\/c_scale,h_200\/F28AF836110426ACF55850FBCF82FC17.png",
"dsUrlImgDetalhe": "https:\/\/media.infotravel.com.br\/image\/upload\/c_scale,h_200\/9E4FD21891C515B81B2D1CEE9D3FD706.png",
"stManual": true,
"bannerType": "CONVENCIONAL",
"nrParcela": 12,
"dsDestaque": "\u00daltimos Lugares",
"dsBanner": "<img src=\"https:\/\/d335luupugsy2.cloudfront.net\/cms%2Ffiles%2F97825%2F1786711314GRAMADO_Completa_instagram_PKG-GRA-1308-1125.png\">",
"vlTotal": 1404,
"vlTotalTaxa": 0,
"vlPagamento": 1404,
"sgMoeda": "R$",
"idPacote": null,
"tpOrigem": null,
"sgOrigem": null,
"nmOrigem": "S\u00e3o Paulo, Regi\u00e3o Sudeste, Brasil",
"idOrigem": 2802,
"tpDestino": null,
"sgDestino": null,
"nmDestino": "Gramado, Regi\u00e3o Sul, Brasil",
"idDestino": 16728,
"idHotel": null,
"idEmpresa": 1,
"dsReservaTipo": "PACOTE A\u00c9REO\n",
"dtInclusao": "2026-08-25T10:31:52Z",
"dtValidade": "2026-08-31T23:59:00Z",
"idUnidade": 1093,
"idPontoVenda": null,
"chave": null,
"WSTopVenda": "{\"topVendaId\":125950,\"dsUrlBanner\":\"https:\/\/media.infotravel.com.br\/image\/upload\/c_scale,h_200\/F28AF836110426ACF55850FBCF82FC17.png\",\"dsUrlBannerDetalhe\":\"https:\/\/media.infotravel.com.br\/image\/upload\/c_scale,h_200\/9E4FD21891C515B81B2D1CEE9D3FD706.png\",\"imagenBannerList\":[],\"sgMoeda\":\"R$\",\"vlTotal\":1404.0,\"reservaPacote\":{\"keyPacoteParametro\":\"}{}{}{}{}{}{}{}{#|#F41FC8857F1BFF94DEFB4043BF159C6E\",\"origem\":{\"id\":2802,\"nm\":\"S\u00e3o Paulo, Regi\u00e3o Sudeste, Brasil\",\"am\":\"\",\"po\":false},\"destino\":{\"id\":16728,\"nm\":\"Gramado, Regi\u00e3o Sul, Brasil\",\"am\":\"\",\"po\":false},\"vlComissaoAjuste\":0.0,\"stSelecionado\":false,\"stInfoxInfo\":false,\"stFornecedorDocObrigatorio\":false},\"dsBanner\":\"\\u003cimg src\\u003d\\\"https:\/\/d335luupugsy2.cloudfront.net\/cms%2Ffiles%2F97825%2F1786711314GRAMADO_Completa_instagram_PKG-GRA-1308-1125.png\\\"\\u003e\",\"dsDestaque\":\"\u00daltimos Lugares\",\"nmBanner\":\"Gramado com Parque Vila da M\u00f4nica\",\"dsReservaTipo\":\"PACOTE A\u00c9REO\\n\",\"sgReservaTipo\":\"PACAER\",\"dsTag\":\"PACOTE,NACIONAL,ULTIMOS 2 LUGARES\",\"stManual\":true,\"dsLogo\":\"https:\/\/media.infotravel.com.br\/image\/upload\/c_scale,h_200\/BB77D03B45CFC46A5B5BFE5B7E32CF00.png\",\"qtParcela\":12}"
}
]