[
{
"id": 125764,
"dsTags": [
"PACOTE",
"NACIONAL",
"ULTIMOS 2 LUGARES"
],
"dtEntrada": null,
"dtSaida": null,
"nmTopVenda": "Natal: Sol o ano Inteiro",
"dsUrlImg": "https:\/\/media.infotravel.com.br\/image\/upload\/c_scale,h_200\/B1552B0864B874EED7D35D930B720065.png",
"dsUrlImgDetalhe": "https:\/\/media.infotravel.com.br\/image\/upload\/c_scale,h_200\/942B042AE808A19ABEFB2342898F2316.png",
"stManual": true,
"bannerType": "CONVENCIONAL",
"nrParcela": 12,
"dsDestaque": "\u00daltimos 2 Lugares",
"dsBanner": "<img src=\"https:\/\/d335luupugsy2.cloudfront.net\/cms%2Ffiles%2F97825%2F1786540409NATAL_Completa_instagram_PKG-NAT-1108-0927.png\">",
"vlTotal": 1944,
"vlTotalTaxa": 0,
"vlPagamento": 1944,
"sgMoeda": "R$",
"idPacote": null,
"tpOrigem": null,
"sgOrigem": null,
"nmOrigem": "Curitiba, Regi\u00e3o Sul, Brasil",
"idOrigem": 116406,
"tpDestino": null,
"sgDestino": null,
"nmDestino": "Natal, Regi\u00e3o Nordeste, Brasil",
"idDestino": 2289,
"idHotel": null,
"idEmpresa": 1,
"dsReservaTipo": "PACOTE A\u00c9REO\n",
"dtInclusao": "2026-08-28T09:58:28Z",
"dtValidade": "2026-09-04T23:59:00Z",
"idUnidade": 1093,
"idPontoVenda": null,
"chave": null,
"WSTopVenda": "{\"topVendaId\":125764,\"dsUrlBanner\":\"https:\/\/media.infotravel.com.br\/image\/upload\/c_scale,h_200\/B1552B0864B874EED7D35D930B720065.png\",\"dsUrlBannerDetalhe\":\"https:\/\/media.infotravel.com.br\/image\/upload\/c_scale,h_200\/942B042AE808A19ABEFB2342898F2316.png\",\"imagenBannerList\":[],\"sgMoeda\":\"R$\",\"vlTotal\":1944.0,\"reservaPacote\":{\"keyPacoteParametro\":\"}{}{}{}{}{}{}{}{#|#F41FC8857F1BFF94DEFB4043BF159C6E\",\"origem\":{\"id\":116406,\"nm\":\"Curitiba, Regi\u00e3o Sul, Brasil\",\"am\":\"\",\"po\":false},\"destino\":{\"id\":2289,\"nm\":\"Natal, Regi\u00e3o Nordeste, Brasil\",\"am\":\"\",\"po\":false},\"vlComissaoAjuste\":0.0,\"stSelecionado\":false,\"stInfoxInfo\":false,\"stFornecedorDocObrigatorio\":false},\"dsBanner\":\"\\u003cimg src\\u003d\\\"https:\/\/d335luupugsy2.cloudfront.net\/cms%2Ffiles%2F97825%2F1786540409NATAL_Completa_instagram_PKG-NAT-1108-0927.png\\\"\\u003e\",\"dsDestaque\":\"\u00daltimos 2 Lugares\",\"nmBanner\":\"Natal: Sol o ano Inteiro\",\"dsReservaTipo\":\"PACOTE A\u00c9REO\\n\",\"sgReservaTipo\":\"PACAER\",\"dsTag\":\"PACOTE,NACIONAL,ULTIMOS 2 LUGARES\",\"stManual\":true,\"dsLogo\":\"https:\/\/media.infotravel.com.br\/image\/upload\/c_scale,h_200\/BB77D03B45CFC46A5B5BFE5B7E32CF00.png\",\"qtParcela\":12}"
}
]