[
{
"id": 125663,
"dsTags": [
"PACOTE",
"NACIONAL"
],
"dtEntrada": null,
"dtSaida": null,
"nmTopVenda": "Expedi\u00e7\u00e3o Jalap\u00e3o",
"dsUrlImg": "https:\/\/media.infotravel.com.br\/image\/upload\/c_scale,h_200\/FA637DFD3E6CF9FD1E0C43778DFCC268.png",
"dsUrlImgDetalhe": null,
"stManual": true,
"bannerType": "CONVENCIONAL",
"nrParcela": 12,
"dsDestaque": "07 dias e 06 noites",
"dsBanner": "<img src=\"https:\/\/d335luupugsy2.cloudfront.net\/cms%2Ffiles%2F97825%2F17864613191149-2026_Expedio_Jalapo_GRU.png\">",
"vlTotal": 5064,
"vlTotalTaxa": 0,
"vlPagamento": 5064,
"sgMoeda": "R$",
"idPacote": null,
"tpOrigem": null,
"sgOrigem": null,
"nmOrigem": "S\u00e3o Paulo, Regi\u00e3o Sudeste, Brasil",
"idOrigem": 2802,
"tpDestino": null,
"sgDestino": null,
"nmDestino": "Parque Estadual do Jalap\u00e3o, Novo Acordo, Regi\u00e3o Norte, Brasil",
"idDestino": 10776924,
"idHotel": null,
"idEmpresa": 1,
"dsReservaTipo": "PACOTE A\u00c9REO\n",
"dtInclusao": "2026-08-12T09:16:07Z",
"dtValidade": "2026-08-31T23:59:00Z",
"idUnidade": 1093,
"idPontoVenda": null,
"chave": null,
"WSTopVenda": "{\"topVendaId\":125663,\"dsUrlBanner\":\"https:\/\/media.infotravel.com.br\/image\/upload\/c_scale,h_200\/FA637DFD3E6CF9FD1E0C43778DFCC268.png\",\"imagenBannerList\":[],\"sgMoeda\":\"R$\",\"vlTotal\":5064.0,\"reservaPacote\":{\"keyPacoteParametro\":\"}{}{}{}{}{}{}{}{#|#F41FC8857F1BFF94DEFB4043BF159C6E\",\"origem\":{\"id\":2802,\"nm\":\"S\u00e3o Paulo, Regi\u00e3o Sudeste, Brasil\",\"am\":\"\",\"po\":false},\"destino\":{\"id\":10776924,\"nm\":\"Parque Estadual do Jalap\u00e3o, Novo Acordo, Regi\u00e3o Norte, Brasil\",\"am\":\"\",\"po\":false},\"vlComissaoAjuste\":0.0,\"stSelecionado\":false,\"stInfoxInfo\":false,\"stFornecedorDocObrigatorio\":false},\"dsBanner\":\"\\u003cimg src\\u003d\\\"https:\/\/d335luupugsy2.cloudfront.net\/cms%2Ffiles%2F97825%2F17864613191149-2026_Expedio_Jalapo_GRU.png\\\"\\u003e\",\"dsDestaque\":\"07 dias e 06 noites\",\"nmBanner\":\"Expedi\u00e7\u00e3o Jalap\u00e3o\",\"dsReservaTipo\":\"PACOTE A\u00c9REO\\n\",\"sgReservaTipo\":\"PACAER\",\"dsTag\":\"PACOTE,NACIONAL\",\"stManual\":true,\"dsLogo\":\"https:\/\/media.infotravel.com.br\/image\/upload\/c_scale,h_200\/EF07D29AD72A8A032C0D784975507721.png\",\"qtParcela\":12}"
}
]