[
{
"id": 125058,
"dsTags": [
"PACOTE",
"NACIONAL"
],
"dtEntrada": null,
"dtSaida": null,
"nmTopVenda": "Natal com Praia de Pipa",
"dsUrlImg": "https:\/\/media.infotravel.com.br\/image\/upload\/c_scale,h_200\/E1A76A34D9799D096941786B29FB64EC.png",
"dsUrlImgDetalhe": "https:\/\/media.infotravel.com.br\/image\/upload\/c_scale,h_200\/8A93A4404DBBB5357B42E54B368FF1CA.png",
"stManual": true,
"bannerType": "CONVENCIONAL",
"nrParcela": 12,
"dsDestaque": "A\u00e9reo Regular",
"dsBanner": "<img src=\"https:\/\/d335luupugsy2.cloudfront.net\/cms%2Ffiles%2F97825%2F17860360321118-2026_Natal_com_praia_de_pipa_regular_GYN.png\">",
"vlTotal": 2256,
"vlTotalTaxa": 0,
"vlPagamento": 2256,
"sgMoeda": "R$",
"idPacote": null,
"tpOrigem": null,
"sgOrigem": null,
"nmOrigem": "Goi\u00e2nia, Regi\u00e3o Centro- Oeste, Brasil",
"idOrigem": 212180,
"tpDestino": null,
"sgDestino": null,
"nmDestino": "Natal, Regi\u00e3o Nordeste, Brasil",
"idDestino": 2289,
"idHotel": null,
"idEmpresa": 1,
"dsReservaTipo": "PACOTE A\u00c9REO\n",
"dtInclusao": "2026-08-06T14:36:49Z",
"dtValidade": "2026-08-31T23:59:00Z",
"idUnidade": 1093,
"idPontoVenda": null,
"chave": null,
"WSTopVenda": "{\"topVendaId\":125058,\"dsUrlBanner\":\"https:\/\/media.infotravel.com.br\/image\/upload\/c_scale,h_200\/E1A76A34D9799D096941786B29FB64EC.png\",\"dsUrlBannerDetalhe\":\"https:\/\/media.infotravel.com.br\/image\/upload\/c_scale,h_200\/8A93A4404DBBB5357B42E54B368FF1CA.png\",\"imagenBannerList\":[],\"sgMoeda\":\"R$\",\"vlTotal\":2256.0,\"reservaPacote\":{\"keyPacoteParametro\":\"}{}{}{}{}{}{}{}{#|#F41FC8857F1BFF94DEFB4043BF159C6E\",\"origem\":{\"id\":212180,\"nm\":\"Goi\u00e2nia, Regi\u00e3o Centro- Oeste, Brasil\",\"am\":\"\",\"po\":false},\"destino\":{\"id\":2289,\"nm\":\"Natal, Regi\u00e3o Nordeste, Brasil\",\"am\":\"\",\"po\":false},\"vlComissaoAjuste\":0.0,\"stSelecionado\":false,\"stInfoxInfo\":false,\"stFornecedorDocObrigatorio\":false},\"dsBanner\":\"\\u003cimg src\\u003d\\\"https:\/\/d335luupugsy2.cloudfront.net\/cms%2Ffiles%2F97825%2F17860360321118-2026_Natal_com_praia_de_pipa_regular_GYN.png\\\"\\u003e\",\"dsDestaque\":\"A\u00e9reo Regular\",\"nmBanner\":\"Natal com Praia de Pipa\",\"dsReservaTipo\":\"PACOTE A\u00c9REO\\n\",\"sgReservaTipo\":\"PACAER\",\"dsTag\":\"PACOTE,NACIONAL\",\"stManual\":true,\"dsLogo\":\"https:\/\/media.infotravel.com.br\/image\/upload\/c_scale,h_200\/BB77D03B45CFC46A5B5BFE5B7E32CF00.png\",\"qtParcela\":12}"
}
]