[
{
"id": 124456,
"dsTags": [
"PACOTE",
"NACIONAL"
],
"dtEntrada": null,
"dtSaida": null,
"nmTopVenda": "Macei\u00f3 com Praia do Franc\u00eas",
"dsUrlImg": "https:\/\/media.infotravel.com.br\/image\/upload\/c_scale,h_200\/BA1303520AEAFAA25B4D5657388ACA50.png",
"dsUrlImgDetalhe": "https:\/\/media.infotravel.com.br\/image\/upload\/c_scale,h_200\/26F0861C1DDB04CE40749C7FE677985C.png",
"stManual": true,
"bannerType": "CONVENCIONAL",
"nrParcela": 10,
"dsDestaque": "Bloqueio A\u00e9reo",
"dsBanner": "<img src=\"https:\/\/d335luupugsy2.cloudfront.net\/cms%2Ffiles%2F97825%2F17854461791083-2026_Macei_com_Praia_do_Francs_VIX.png\">",
"vlTotal": 1620,
"vlTotalTaxa": 0,
"vlPagamento": 1620,
"sgMoeda": "R$",
"idPacote": null,
"tpOrigem": null,
"sgOrigem": null,
"nmOrigem": "Vitoria, Regi\u00e3o Sudeste, Brasil",
"idOrigem": 3379,
"tpDestino": null,
"sgDestino": null,
"nmDestino": "Macei\u00f3, Regi\u00e3o Nordeste, Brasil",
"idDestino": 2042,
"idHotel": null,
"idEmpresa": 1,
"dsReservaTipo": "PACOTE A\u00c9REO\n",
"dtInclusao": "2026-07-31T11:49:14Z",
"dtValidade": "2026-08-31T23:59:00Z",
"idUnidade": 1093,
"idPontoVenda": null,
"chave": null,
"WSTopVenda": "{\"topVendaId\":124456,\"dsUrlBanner\":\"https:\/\/media.infotravel.com.br\/image\/upload\/c_scale,h_200\/BA1303520AEAFAA25B4D5657388ACA50.png\",\"dsUrlBannerDetalhe\":\"https:\/\/media.infotravel.com.br\/image\/upload\/c_scale,h_200\/26F0861C1DDB04CE40749C7FE677985C.png\",\"imagenBannerList\":[],\"sgMoeda\":\"R$\",\"vlTotal\":1620.0,\"reservaPacote\":{\"keyPacoteParametro\":\"}{}{}{}{}{}{}{}{#|#F41FC8857F1BFF94DEFB4043BF159C6E\",\"origem\":{\"id\":3379,\"nm\":\"Vitoria, Regi\u00e3o Sudeste, Brasil\",\"am\":\"\",\"po\":false},\"destino\":{\"id\":2042,\"nm\":\"Macei\u00f3, Regi\u00e3o Nordeste, Brasil\",\"am\":\"\",\"po\":false},\"vlComissaoAjuste\":0.0,\"stSelecionado\":false,\"stInfoxInfo\":false,\"stFornecedorDocObrigatorio\":false},\"dsBanner\":\"\\u003cimg src\\u003d\\\"https:\/\/d335luupugsy2.cloudfront.net\/cms%2Ffiles%2F97825%2F17854461791083-2026_Macei_com_Praia_do_Francs_VIX.png\\\"\\u003e\",\"dsDestaque\":\"Bloqueio A\u00e9reo\",\"nmBanner\":\"Macei\u00f3 com Praia do Franc\u00eas\",\"dsReservaTipo\":\"PACOTE A\u00c9REO\\n\",\"sgReservaTipo\":\"PACAER\",\"dsTag\":\"PACOTE,NACIONAL\",\"stManual\":true,\"dsLogo\":\"https:\/\/media.infotravel.com.br\/image\/upload\/c_scale,h_200\/BB77D03B45CFC46A5B5BFE5B7E32CF00.png\",\"qtParcela\":10}"
}
]